{"id":4393,"date":"2023-04-19T11:38:27","date_gmt":"2023-04-19T09:38:27","guid":{"rendered":"https:\/\/www.precura.be\/?p=4393"},"modified":"2023-04-19T11:50:35","modified_gmt":"2023-04-19T09:50:35","slug":"newsletter-mars-2023","status":"publish","type":"post","link":"https:\/\/www.precura.be\/fr\/newsletter-mars-2023\/","title":{"rendered":"Newsletter Mars 2023"},"content":{"rendered":"<p>[et_pb_section fb_built=\u00a0\u00bb1&Prime; _builder_version=\u00a0\u00bb4.20.4&Prime; _module_preset=\u00a0\u00bbdefault\u00a0\u00bb da_disable_devices=\u00a0\u00bboff|off|off\u00a0\u00bb global_colors_info=\u00a0\u00bb{}\u00a0\u00bb da_is_popup=\u00a0\u00bboff\u00a0\u00bb da_exit_intent=\u00a0\u00bboff\u00a0\u00bb da_has_close=\u00a0\u00bbon\u00a0\u00bb da_alt_close=\u00a0\u00bboff\u00a0\u00bb da_dark_close=\u00a0\u00bboff\u00a0\u00bb da_not_modal=\u00a0\u00bbon\u00a0\u00bb da_is_singular=\u00a0\u00bboff\u00a0\u00bb da_with_loader=\u00a0\u00bboff\u00a0\u00bb da_has_shadow=\u00a0\u00bbon\u00a0\u00bb][et_pb_row _builder_version=\u00a0\u00bb4.20.4&Prime; _module_preset=\u00a0\u00bbdefault\u00a0\u00bb global_colors_info=\u00a0\u00bb{}\u00a0\u00bb][et_pb_column type=\u00a0\u00bb4_4&Prime; _builder_version=\u00a0\u00bb4.20.4&Prime; _module_preset=\u00a0\u00bbdefault\u00a0\u00bb global_colors_info=\u00a0\u00bb{}\u00a0\u00bb][et_pb_image src=\u00a0\u00bbhttps:\/\/www.precura.be\/wp-content\/uploads\/\/2020\/10\/Precura-Verzekeringen-Logo-.svg\u00a0\u00bb title_text=\u00a0\u00bbPrecura-Verzekeringen-Logo-\u00a0\u00bb _builder_version=\u00a0\u00bb4.20.4&Prime; _module_preset=\u00a0\u00bbdefault\u00a0\u00bb width=\u00a0\u00bb40%\u00a0\u00bb module_alignment=\u00a0\u00bbcenter\u00a0\u00bb global_colors_info=\u00a0\u00bb{}\u00a0\u00bb][\/et_pb_image][et_pb_text _builder_version=\u00a0\u00bb4.20.4&Prime; _module_preset=\u00a0\u00bbdefault\u00a0\u00bb global_colors_info=\u00a0\u00bb{}\u00a0\u00bb]<\/p>\n<h1 style=\"text-align: center;\"><span style=\"color: #0066b3;\">On s&rsquo;occupe de demain<\/span><\/h1>\n<p>[\/et_pb_text][\/et_pb_column][\/et_pb_row][et_pb_row column_structure=\u00a0\u00bb1_3,2_3&Prime; _builder_version=\u00a0\u00bb4.20.4&Prime; _module_preset=\u00a0\u00bbdefault\u00a0\u00bb global_colors_info=\u00a0\u00bb{}\u00a0\u00bb][et_pb_column type=\u00a0\u00bb1_3&Prime; _builder_version=\u00a0\u00bb4.20.4&Prime; _module_preset=\u00a0\u00bbdefault\u00a0\u00bb global_colors_info=\u00a0\u00bb{}\u00a0\u00bb][et_pb_image src=\u00a0\u00bbhttps:\/\/www.precura.be\/wp-content\/uploads\/2023\/04\/mentaal-welzijn-precura.png\u00a0\u00bb title_text=\u00a0\u00bbmentaal-welzijn-precura\u00a0\u00bb force_fullwidth=\u00a0\u00bbon\u00a0\u00bb _builder_version=\u00a0\u00bb4.20.4&Prime; _module_preset=\u00a0\u00bbdefault\u00a0\u00bb global_colors_info=\u00a0\u00bb{}\u00a0\u00bb][\/et_pb_image][\/et_pb_column][et_pb_column type=\u00a0\u00bb2_3&Prime; _builder_version=\u00a0\u00bb4.20.4&Prime; _module_preset=\u00a0\u00bbdefault\u00a0\u00bb global_colors_info=\u00a0\u00bb{}\u00a0\u00bb][et_pb_text _builder_version=\u00a0\u00bb4.20.4&Prime; _module_preset=\u00a0\u00bbdefault\u00a0\u00bb global_colors_info=\u00a0\u00bb{}\u00a0\u00bb]<\/p>\n<h2>Incapacit\u00e9 de travail de longue dur\u00e9e -Nouveaux chiffres de l&rsquo;INAMI<\/h2>\n<p>Le bien-\u00eatre mental est au c\u0153ur de l&rsquo;actualit\u00e9 depuis quelques ann\u00e9es. l&rsquo;INAMI a r\u00e9cemment publi\u00e9 une mise \u00e0 jour des chiffres jusqu&rsquo;en 2021. Lisez-en plus par ce lien. Precura constate \u00e9galement qu&rsquo;un nombre croissant de ses membres sont confront\u00e9s \u00e0 un arr\u00eat de travail de longue dur\u00e9e en raison de probl\u00e8mes de sant\u00e9 mentale. Pour cette raison, nous avons renforc\u00e9 l&rsquo;\u00e9quipe de m\u00e9decins conseils avec un psychologue depuis le 1 mars.<\/p>\n<p>Avec ce renforcement de notre \u00e9quipe de professionnels de la sant\u00e9, nous travaillons encore plus activement \u00e0 la promotion du bien-\u00eatre mental. Tant sur une base proactive que dans le cadre des processus de r\u00e9int\u00e9gration. Plus d&rsquo;informations \u00e0 ce sujet prochainement. Gardez donc un \u0153il sur notre newsletter pour de nouvelles mises \u00e0 jour.<\/p>\n<p>[\/et_pb_text][\/et_pb_column][\/et_pb_row][et_pb_row column_structure=\u00a0\u00bb2_3,1_3&Prime; module_class=\u00a0\u00bbreverse\u00a0\u00bb _builder_version=\u00a0\u00bb4.20.4&Prime; _module_preset=\u00a0\u00bbdefault\u00a0\u00bb custom_css_main_element=\u00a0\u00bb@media screen and ( max-width: 980px ) {|| display: flex;|| flex-direction: column-reverse;||} \u00a0\u00bb global_colors_info=\u00a0\u00bb{}\u00a0\u00bb][et_pb_column type=\u00a0\u00bb2_3&Prime; _builder_version=\u00a0\u00bb4.20.4&Prime; _module_preset=\u00a0\u00bbdefault\u00a0\u00bb global_colors_info=\u00a0\u00bb{}\u00a0\u00bb][et_pb_text _builder_version=\u00a0\u00bb4.20.4&Prime; _module_preset=\u00a0\u00bbdefault\u00a0\u00bb custom_margin_tablet=\u00a0\u00bb20px||||false|false\u00a0\u00bb custom_margin_phone=\u00a0\u00bb20px||||false|false\u00a0\u00bb custom_margin_last_edited=\u00a0\u00bbon|tablet\u00a0\u00bb global_colors_info=\u00a0\u00bb{}\u00a0\u00bb]<\/p>\n<h2>L&rsquo;exercice est souvent le meilleur rem\u00e8de contre la lombalgie<\/h2>\n<p>La lombalgie est tr\u00e8s g\u00eanante, mais elle dispara\u00eet g\u00e9n\u00e9ralement spontan\u00e9ment apr\u00e8s quelques jours ou semaines. Habituellement, un examen radiologique n&rsquo;est pas indiqu\u00e9 et n&rsquo;affecte pas l&rsquo;\u00e9volution ult\u00e9rieure. Le meilleur rem\u00e8de contre le mal de dos est de continuer \u00e0 bouger. Parlez-en \u00e0 votre m\u00e9decin. Toute personne souffrant de douleurs lombaires souhaite naturellement \u00eatre aid\u00e9e.<\/p>\n<p>Mais l&rsquo;image est g\u00e9n\u00e9ralement claire pour votre m\u00e9decin, m\u00eame sans imagerie m\u00e9dicale. En outre, les radiographies utilisent des rayonnements ionisants qui peuvent nuire \u00e0 votre sant\u00e9 s&rsquo;ils sont utilis\u00e9s de mani\u00e8re excessive. Dans les cas exceptionnels o\u00f9 un examen radiologique est encore appropri\u00e9, le m\u00e9decin vous orientera et inscrira cet examen dans un plan d&rsquo;action plus large. Ne faites donc un scanner que si vous n&rsquo;avez pas d&rsquo;autre choix. <\/p>\n<p><a href=\"https:\/\/www.pasderayonssansreflexion.be\/\" target=\"_blank\" rel=\"noopener\">Source Mal au dos ? Pas de rayons sans raison ! &#8211; FOD Sant\u00e9 publique ()<\/a>[\/et_pb_text][\/et_pb_column][et_pb_column type=\u00a0\u00bb1_3&Prime; _builder_version=\u00a0\u00bb4.20.4&Prime; _module_preset=\u00a0\u00bbdefault\u00a0\u00bb global_colors_info=\u00a0\u00bb{}\u00a0\u00bb][et_pb_image src=\u00a0\u00bbhttps:\/\/www.precura.be\/wp-content\/uploads\/2023\/04\/rugklachten-precura.png\u00a0\u00bb title_text=\u00a0\u00bbrugklachten-precura\u00a0\u00bb force_fullwidth=\u00a0\u00bbon\u00a0\u00bb _builder_version=\u00a0\u00bb4.20.4&Prime; _module_preset=\u00a0\u00bbdefault\u00a0\u00bb global_colors_info=\u00a0\u00bb{}\u00a0\u00bb][\/et_pb_image][\/et_pb_column][\/et_pb_row][et_pb_row column_structure=\u00a0\u00bb1_3,2_3&Prime; _builder_version=\u00a0\u00bb4.20.4&Prime; _module_preset=\u00a0\u00bbdefault\u00a0\u00bb global_colors_info=\u00a0\u00bb{}\u00a0\u00bb][et_pb_column type=\u00a0\u00bb1_3&Prime; _builder_version=\u00a0\u00bb4.20.4&Prime; _module_preset=\u00a0\u00bbdefault\u00a0\u00bb global_colors_info=\u00a0\u00bb{}\u00a0\u00bb][et_pb_image src=\u00a0\u00bbhttps:\/\/www.precura.be\/wp-content\/uploads\/2023\/04\/tournee-minerale.png\u00a0\u00bb title_text=\u00a0\u00bbtournee minerale\u00a0\u00bb align=\u00a0\u00bbcenter\u00a0\u00bb _builder_version=\u00a0\u00bb4.20.4&Prime; _module_preset=\u00a0\u00bbdefault\u00a0\u00bb module_alignment=\u00a0\u00bbcenter\u00a0\u00bb custom_margin=\u00a0\u00bb||||false|false\u00a0\u00bb custom_padding=\u00a0\u00bb||||false|false\u00a0\u00bb global_colors_info=\u00a0\u00bb{}\u00a0\u00bb][\/et_pb_image][\/et_pb_column][et_pb_column type=\u00a0\u00bb2_3&Prime; _builder_version=\u00a0\u00bb4.20.4&Prime; _module_preset=\u00a0\u00bbdefault\u00a0\u00bb global_colors_info=\u00a0\u00bb{}\u00a0\u00bb][et_pb_text _builder_version=\u00a0\u00bb4.20.4&Prime; _module_preset=\u00a0\u00bbdefault\u00a0\u00bb global_colors_info=\u00a0\u00bb{}\u00a0\u00bb]<\/p>\n<h2>La Tourn\u00e9e Min\u00e9rale est d\u00e9j\u00e0 termin\u00e9e<\/h2>\n<p>Un verre de vin au d\u00eener, une bi\u00e8re apr\u00e8s le sport : pour beaucoup, cela fait partie de la routine quotidienne. En 2013, 82 % des Belges ont bu de l&rsquo;alcool, alors que cette consommation comporte de nombreux risques. L&rsquo;alcool affecte la sant\u00e9, tant physique que mentale et a un impact sur votre s\u00e9curit\u00e9 et votre comportement. Lors de la premi\u00e8re \u00e9dition, ils \u00e9taient 120 000 belges \u00e0 participer. Les raisons sont tr\u00e8s vari\u00e9es : travailler sur sa sant\u00e9, voir si le d\u00e9fi est viable, soutenir la recherche sur le cancer, etc.<\/p>\n<p>Il est \u00e9vident qu&rsquo;il y a de bonnes raisons de ne pas boire d&rsquo;alcool pendant un mois. Ce ne sont pas des paroles en l&rsquo;air, d&rsquo;ailleurs, L&rsquo;universit\u00e9 de Gand, en abr\u00e9g\u00e9 UGent, a men\u00e9 une enqu\u00eate aupr\u00e8s des participants de l&rsquo;ann\u00e9e derni\u00e8re. 9 personnes sur 10 ont d\u00e9clar\u00e9 avoir b\u00e9n\u00e9fici\u00e9 d&rsquo;au moins un de ces avantages.<\/p>\n<p>Lisez en plus sur: <a href=\"http:\/\/www.tourneeminerale.be\" target=\"_blank\" rel=\"noopener\">www.tourneeminerale.be<\/a>[\/et_pb_text][\/et_pb_column][\/et_pb_row][et_pb_row column_structure=\u00a0\u00bb2_3,1_3&Prime; module_class=\u00a0\u00bbreverse\u00a0\u00bb _builder_version=\u00a0\u00bb4.20.4&Prime; _module_preset=\u00a0\u00bbdefault\u00a0\u00bb custom_css_main_element=\u00a0\u00bb@media screen and ( max-width: 980px ) {|| display: flex;|| flex-direction: column-reverse;||} \u00a0\u00bb global_colors_info=\u00a0\u00bb{}\u00a0\u00bb][et_pb_column type=\u00a0\u00bb2_3&Prime; _builder_version=\u00a0\u00bb4.20.4&Prime; _module_preset=\u00a0\u00bbdefault\u00a0\u00bb global_colors_info=\u00a0\u00bb{}\u00a0\u00bb][et_pb_text _builder_version=\u00a0\u00bb4.20.4&Prime; _module_preset=\u00a0\u00bbdefault\u00a0\u00bb custom_margin_tablet=\u00a0\u00bb20px||||false|false\u00a0\u00bb custom_margin_phone=\u00a0\u00bb20px||||false|false\u00a0\u00bb custom_margin_last_edited=\u00a0\u00bbon|phone\u00a0\u00bb global_colors_info=\u00a0\u00bb{}\u00a0\u00bb]<\/p>\n<h2>Clause de confidentialit\u00e9 adapt\u00e9e<\/h2>\n<p>Notre clause de confidentialit\u00e9 a \u00e9t\u00e9 mise \u00e0 jour sur notre site internet.<\/p>\n<p>[\/et_pb_text][et_pb_button button_url=\u00a0\u00bbhttps:\/\/www.precura.be\/wp-content\/uploads\/2023\/01\/PRECURA-Privacybeleid_CLEAN_2023-01-18-FR.pdf\u00a0\u00bb url_new_window=\u00a0\u00bbon\u00a0\u00bb button_text=\u00a0\u00bbClause de confidentialit\u00e9\u00a0\u00bb button_alignment=\u00a0\u00bbleft\u00a0\u00bb _builder_version=\u00a0\u00bb4.20.4&Prime; _module_preset=\u00a0\u00bbdefault\u00a0\u00bb custom_margin=\u00a0\u00bb||||false|false\u00a0\u00bb custom_padding=\u00a0\u00bb10px|25px|10px|25px|true|true\u00a0\u00bb global_colors_info=\u00a0\u00bb{}\u00a0\u00bb][\/et_pb_button][\/et_pb_column][et_pb_column type=\u00a0\u00bb1_3&Prime; _builder_version=\u00a0\u00bb4.20.4&Prime; _module_preset=\u00a0\u00bbdefault\u00a0\u00bb global_colors_info=\u00a0\u00bb{}\u00a0\u00bb][et_pb_image src=\u00a0\u00bbhttps:\/\/www.precura.be\/wp-content\/uploads\/2023\/04\/verzekeringen-aanbod.png\u00a0\u00bb title_text=\u00a0\u00bbverzekeringen-aanbod\u00a0\u00bb force_fullwidth=\u00a0\u00bbon\u00a0\u00bb _builder_version=\u00a0\u00bb4.20.4&Prime; _module_preset=\u00a0\u00bbdefault\u00a0\u00bb global_colors_info=\u00a0\u00bb{}\u00a0\u00bb][\/et_pb_image][\/et_pb_column][\/et_pb_row][\/et_pb_section]<\/p>\n","protected":false},"excerpt":{"rendered":"<p>\u2013 Incapacit\u00e9 de travail<br \/>\n\u2013 La lombalgie<br \/>\n\u2013 La Tourn\u00e9e Min\u00e9rale<\/p>\n","protected":false},"author":9,"featured_media":2815,"comment_status":"closed","ping_status":"closed","sticky":false,"template":"","format":"standard","meta":{"_et_pb_use_builder":"on","_et_pb_old_content":"","_et_gb_content_width":"","inline_featured_image":false,"footnotes":""},"categories":[29],"tags":[],"class_list":["post-4393","post","type-post","status-publish","format-standard","has-post-thumbnail","hentry","category-newsletters-fr"],"yoast_head":"<!-- This site is optimized with the Yoast SEO plugin v27.5 - https:\/\/yoast.com\/product\/yoast-seo-wordpress\/ -->\n<title>Newsletter Mars 2023 - Precura<\/title>\n<meta name=\"robots\" content=\"index, follow, max-snippet:-1, max-image-preview:large, max-video-preview:-1\" \/>\n<link rel=\"canonical\" href=\"https:\/\/www.precura.be\/fr\/newsletter-mars-2023\/\" \/>\n<meta property=\"og:locale\" content=\"fr_FR\" \/>\n<meta property=\"og:type\" content=\"article\" \/>\n<meta property=\"og:title\" content=\"Newsletter Mars 2023 - Precura\" \/>\n<meta property=\"og:description\" content=\"\u2013 Incapacit\u00e9 de travail \u2013 La lombalgie  \u2013 La Tourn\u00e9e Min\u00e9rale\" \/>\n<meta property=\"og:url\" content=\"https:\/\/www.precura.be\/fr\/newsletter-mars-2023\/\" \/>\n<meta property=\"og:site_name\" content=\"Precura\" \/>\n<meta property=\"article:published_time\" content=\"2023-04-19T09:38:27+00:00\" \/>\n<meta property=\"article:modified_time\" content=\"2023-04-19T09:50:35+00:00\" \/>\n<meta property=\"og:image\" content=\"https:\/\/www.precura.be\/wp-content\/uploads\/2021\/11\/vrije-beroepen.jpg\" \/>\n\t<meta property=\"og:image:width\" content=\"1250\" \/>\n\t<meta property=\"og:image:height\" content=\"833\" \/>\n\t<meta property=\"og:image:type\" content=\"image\/jpeg\" \/>\n<meta name=\"author\" content=\"areagency\" \/>\n<meta name=\"twitter:card\" content=\"summary_large_image\" \/>\n<meta name=\"twitter:label1\" content=\"\u00c9crit par\" \/>\n\t<meta name=\"twitter:data1\" content=\"areagency\" \/>\n\t<meta name=\"twitter:label2\" content=\"Dur\u00e9e de lecture estim\u00e9e\" \/>\n\t<meta name=\"twitter:data2\" content=\"4 minutes\" \/>\n<script type=\"application\/ld+json\" class=\"yoast-schema-graph\">{\"@context\":\"https:\\\/\\\/schema.org\",\"@graph\":[{\"@type\":\"Article\",\"@id\":\"https:\\\/\\\/www.precura.be\\\/fr\\\/newsletter-mars-2023\\\/#article\",\"isPartOf\":{\"@id\":\"https:\\\/\\\/www.precura.be\\\/fr\\\/newsletter-mars-2023\\\/\"},\"author\":{\"name\":\"areagency\",\"@id\":\"https:\\\/\\\/www.precura.be\\\/#\\\/schema\\\/person\\\/dd3814164107b0893afdef26339d70d9\"},\"headline\":\"Newsletter Mars 2023\",\"datePublished\":\"2023-04-19T09:38:27+00:00\",\"dateModified\":\"2023-04-19T09:50:35+00:00\",\"mainEntityOfPage\":{\"@id\":\"https:\\\/\\\/www.precura.be\\\/fr\\\/newsletter-mars-2023\\\/\"},\"wordCount\":1117,\"publisher\":{\"@id\":\"https:\\\/\\\/www.precura.be\\\/#organization\"},\"image\":{\"@id\":\"https:\\\/\\\/www.precura.be\\\/fr\\\/newsletter-mars-2023\\\/#primaryimage\"},\"thumbnailUrl\":\"https:\\\/\\\/www.precura.be\\\/wp-content\\\/uploads\\\/2021\\\/11\\\/vrije-beroepen.jpg\",\"articleSection\":[\"Newsletters\"],\"inLanguage\":\"fr-FR\"},{\"@type\":\"WebPage\",\"@id\":\"https:\\\/\\\/www.precura.be\\\/fr\\\/newsletter-mars-2023\\\/\",\"url\":\"https:\\\/\\\/www.precura.be\\\/fr\\\/newsletter-mars-2023\\\/\",\"name\":\"Newsletter Mars 2023 - Precura\",\"isPartOf\":{\"@id\":\"https:\\\/\\\/www.precura.be\\\/#website\"},\"primaryImageOfPage\":{\"@id\":\"https:\\\/\\\/www.precura.be\\\/fr\\\/newsletter-mars-2023\\\/#primaryimage\"},\"image\":{\"@id\":\"https:\\\/\\\/www.precura.be\\\/fr\\\/newsletter-mars-2023\\\/#primaryimage\"},\"thumbnailUrl\":\"https:\\\/\\\/www.precura.be\\\/wp-content\\\/uploads\\\/2021\\\/11\\\/vrije-beroepen.jpg\",\"datePublished\":\"2023-04-19T09:38:27+00:00\",\"dateModified\":\"2023-04-19T09:50:35+00:00\",\"breadcrumb\":{\"@id\":\"https:\\\/\\\/www.precura.be\\\/fr\\\/newsletter-mars-2023\\\/#breadcrumb\"},\"inLanguage\":\"fr-FR\",\"potentialAction\":[{\"@type\":\"ReadAction\",\"target\":[\"https:\\\/\\\/www.precura.be\\\/fr\\\/newsletter-mars-2023\\\/\"]}]},{\"@type\":\"ImageObject\",\"inLanguage\":\"fr-FR\",\"@id\":\"https:\\\/\\\/www.precura.be\\\/fr\\\/newsletter-mars-2023\\\/#primaryimage\",\"url\":\"https:\\\/\\\/www.precura.be\\\/wp-content\\\/uploads\\\/2021\\\/11\\\/vrije-beroepen.jpg\",\"contentUrl\":\"https:\\\/\\\/www.precura.be\\\/wp-content\\\/uploads\\\/2021\\\/11\\\/vrije-beroepen.jpg\",\"width\":1250,\"height\":833},{\"@type\":\"BreadcrumbList\",\"@id\":\"https:\\\/\\\/www.precura.be\\\/fr\\\/newsletter-mars-2023\\\/#breadcrumb\",\"itemListElement\":[{\"@type\":\"ListItem\",\"position\":1,\"name\":\"Home\",\"item\":\"https:\\\/\\\/www.precura.be\\\/\"},{\"@type\":\"ListItem\",\"position\":2,\"name\":\"Newsletter Mars 2023\"}]},{\"@type\":\"WebSite\",\"@id\":\"https:\\\/\\\/www.precura.be\\\/#website\",\"url\":\"https:\\\/\\\/www.precura.be\\\/\",\"name\":\"Precura\",\"description\":\"Precura est un partenaire fiable et exp\u00e9riment\u00e9 qui propose des assurances individuelles et collectives revenu garanti aux professions lib\u00e9rales. De quoi profiter d\u2019une tranquillit\u00e9 financi\u00e8re tout au long de votre carri\u00e8re.\",\"publisher\":{\"@id\":\"https:\\\/\\\/www.precura.be\\\/#organization\"},\"potentialAction\":[{\"@type\":\"SearchAction\",\"target\":{\"@type\":\"EntryPoint\",\"urlTemplate\":\"https:\\\/\\\/www.precura.be\\\/?s={search_term_string}\"},\"query-input\":{\"@type\":\"PropertyValueSpecification\",\"valueRequired\":true,\"valueName\":\"search_term_string\"}}],\"inLanguage\":\"fr-FR\"},{\"@type\":\"Organization\",\"@id\":\"https:\\\/\\\/www.precura.be\\\/#organization\",\"name\":\"Precura\",\"url\":\"https:\\\/\\\/www.precura.be\\\/\",\"logo\":{\"@type\":\"ImageObject\",\"inLanguage\":\"fr-FR\",\"@id\":\"https:\\\/\\\/www.precura.be\\\/#\\\/schema\\\/logo\\\/image\\\/\",\"url\":\"https:\\\/\\\/www.precura.be\\\/wp-content\\\/uploads\\\/2020\\\/09\\\/Precura-logo.svg\",\"contentUrl\":\"https:\\\/\\\/www.precura.be\\\/wp-content\\\/uploads\\\/2020\\\/09\\\/Precura-logo.svg\",\"width\":142,\"height\":66,\"caption\":\"Precura\"},\"image\":{\"@id\":\"https:\\\/\\\/www.precura.be\\\/#\\\/schema\\\/logo\\\/image\\\/\"}},{\"@type\":\"Person\",\"@id\":\"https:\\\/\\\/www.precura.be\\\/#\\\/schema\\\/person\\\/dd3814164107b0893afdef26339d70d9\",\"name\":\"areagency\",\"image\":{\"@type\":\"ImageObject\",\"inLanguage\":\"fr-FR\",\"@id\":\"https:\\\/\\\/secure.gravatar.com\\\/avatar\\\/661665dae7e7f562d06c1dddf0eaa3d4c282145e80252726a8de17e2179f9ea8?s=96&d=mm&r=g\",\"url\":\"https:\\\/\\\/secure.gravatar.com\\\/avatar\\\/661665dae7e7f562d06c1dddf0eaa3d4c282145e80252726a8de17e2179f9ea8?s=96&d=mm&r=g\",\"contentUrl\":\"https:\\\/\\\/secure.gravatar.com\\\/avatar\\\/661665dae7e7f562d06c1dddf0eaa3d4c282145e80252726a8de17e2179f9ea8?s=96&d=mm&r=g\",\"caption\":\"areagency\"},\"url\":\"https:\\\/\\\/www.precura.be\\\/fr\\\/author\\\/are-agency-webmaster\\\/\"}]}<\/script>\n<!-- \/ Yoast SEO plugin. -->","yoast_head_json":{"title":"Newsletter Mars 2023 - Precura","robots":{"index":"index","follow":"follow","max-snippet":"max-snippet:-1","max-image-preview":"max-image-preview:large","max-video-preview":"max-video-preview:-1"},"canonical":"https:\/\/www.precura.be\/fr\/newsletter-mars-2023\/","og_locale":"fr_FR","og_type":"article","og_title":"Newsletter Mars 2023 - Precura","og_description":"\u2013 Incapacit\u00e9 de travail \u2013 La lombalgie  \u2013 La Tourn\u00e9e Min\u00e9rale","og_url":"https:\/\/www.precura.be\/fr\/newsletter-mars-2023\/","og_site_name":"Precura","article_published_time":"2023-04-19T09:38:27+00:00","article_modified_time":"2023-04-19T09:50:35+00:00","og_image":[{"width":1250,"height":833,"url":"https:\/\/www.precura.be\/wp-content\/uploads\/2021\/11\/vrije-beroepen.jpg","type":"image\/jpeg"}],"author":"areagency","twitter_card":"summary_large_image","twitter_misc":{"\u00c9crit par":"areagency","Dur\u00e9e de lecture estim\u00e9e":"4 minutes"},"schema":{"@context":"https:\/\/schema.org","@graph":[{"@type":"Article","@id":"https:\/\/www.precura.be\/fr\/newsletter-mars-2023\/#article","isPartOf":{"@id":"https:\/\/www.precura.be\/fr\/newsletter-mars-2023\/"},"author":{"name":"areagency","@id":"https:\/\/www.precura.be\/#\/schema\/person\/dd3814164107b0893afdef26339d70d9"},"headline":"Newsletter Mars 2023","datePublished":"2023-04-19T09:38:27+00:00","dateModified":"2023-04-19T09:50:35+00:00","mainEntityOfPage":{"@id":"https:\/\/www.precura.be\/fr\/newsletter-mars-2023\/"},"wordCount":1117,"publisher":{"@id":"https:\/\/www.precura.be\/#organization"},"image":{"@id":"https:\/\/www.precura.be\/fr\/newsletter-mars-2023\/#primaryimage"},"thumbnailUrl":"https:\/\/www.precura.be\/wp-content\/uploads\/2021\/11\/vrije-beroepen.jpg","articleSection":["Newsletters"],"inLanguage":"fr-FR"},{"@type":"WebPage","@id":"https:\/\/www.precura.be\/fr\/newsletter-mars-2023\/","url":"https:\/\/www.precura.be\/fr\/newsletter-mars-2023\/","name":"Newsletter Mars 2023 - Precura","isPartOf":{"@id":"https:\/\/www.precura.be\/#website"},"primaryImageOfPage":{"@id":"https:\/\/www.precura.be\/fr\/newsletter-mars-2023\/#primaryimage"},"image":{"@id":"https:\/\/www.precura.be\/fr\/newsletter-mars-2023\/#primaryimage"},"thumbnailUrl":"https:\/\/www.precura.be\/wp-content\/uploads\/2021\/11\/vrije-beroepen.jpg","datePublished":"2023-04-19T09:38:27+00:00","dateModified":"2023-04-19T09:50:35+00:00","breadcrumb":{"@id":"https:\/\/www.precura.be\/fr\/newsletter-mars-2023\/#breadcrumb"},"inLanguage":"fr-FR","potentialAction":[{"@type":"ReadAction","target":["https:\/\/www.precura.be\/fr\/newsletter-mars-2023\/"]}]},{"@type":"ImageObject","inLanguage":"fr-FR","@id":"https:\/\/www.precura.be\/fr\/newsletter-mars-2023\/#primaryimage","url":"https:\/\/www.precura.be\/wp-content\/uploads\/2021\/11\/vrije-beroepen.jpg","contentUrl":"https:\/\/www.precura.be\/wp-content\/uploads\/2021\/11\/vrije-beroepen.jpg","width":1250,"height":833},{"@type":"BreadcrumbList","@id":"https:\/\/www.precura.be\/fr\/newsletter-mars-2023\/#breadcrumb","itemListElement":[{"@type":"ListItem","position":1,"name":"Home","item":"https:\/\/www.precura.be\/"},{"@type":"ListItem","position":2,"name":"Newsletter Mars 2023"}]},{"@type":"WebSite","@id":"https:\/\/www.precura.be\/#website","url":"https:\/\/www.precura.be\/","name":"Precura","description":"Precura est un partenaire fiable et exp\u00e9riment\u00e9 qui propose des assurances individuelles et collectives revenu garanti aux professions lib\u00e9rales. De quoi profiter d\u2019une tranquillit\u00e9 financi\u00e8re tout au long de votre carri\u00e8re.","publisher":{"@id":"https:\/\/www.precura.be\/#organization"},"potentialAction":[{"@type":"SearchAction","target":{"@type":"EntryPoint","urlTemplate":"https:\/\/www.precura.be\/?s={search_term_string}"},"query-input":{"@type":"PropertyValueSpecification","valueRequired":true,"valueName":"search_term_string"}}],"inLanguage":"fr-FR"},{"@type":"Organization","@id":"https:\/\/www.precura.be\/#organization","name":"Precura","url":"https:\/\/www.precura.be\/","logo":{"@type":"ImageObject","inLanguage":"fr-FR","@id":"https:\/\/www.precura.be\/#\/schema\/logo\/image\/","url":"https:\/\/www.precura.be\/wp-content\/uploads\/2020\/09\/Precura-logo.svg","contentUrl":"https:\/\/www.precura.be\/wp-content\/uploads\/2020\/09\/Precura-logo.svg","width":142,"height":66,"caption":"Precura"},"image":{"@id":"https:\/\/www.precura.be\/#\/schema\/logo\/image\/"}},{"@type":"Person","@id":"https:\/\/www.precura.be\/#\/schema\/person\/dd3814164107b0893afdef26339d70d9","name":"areagency","image":{"@type":"ImageObject","inLanguage":"fr-FR","@id":"https:\/\/secure.gravatar.com\/avatar\/661665dae7e7f562d06c1dddf0eaa3d4c282145e80252726a8de17e2179f9ea8?s=96&d=mm&r=g","url":"https:\/\/secure.gravatar.com\/avatar\/661665dae7e7f562d06c1dddf0eaa3d4c282145e80252726a8de17e2179f9ea8?s=96&d=mm&r=g","contentUrl":"https:\/\/secure.gravatar.com\/avatar\/661665dae7e7f562d06c1dddf0eaa3d4c282145e80252726a8de17e2179f9ea8?s=96&d=mm&r=g","caption":"areagency"},"url":"https:\/\/www.precura.be\/fr\/author\/are-agency-webmaster\/"}]}},"_links":{"self":[{"href":"https:\/\/www.precura.be\/fr\/wp-json\/wp\/v2\/posts\/4393","targetHints":{"allow":["GET"]}}],"collection":[{"href":"https:\/\/www.precura.be\/fr\/wp-json\/wp\/v2\/posts"}],"about":[{"href":"https:\/\/www.precura.be\/fr\/wp-json\/wp\/v2\/types\/post"}],"author":[{"embeddable":true,"href":"https:\/\/www.precura.be\/fr\/wp-json\/wp\/v2\/users\/9"}],"replies":[{"embeddable":true,"href":"https:\/\/www.precura.be\/fr\/wp-json\/wp\/v2\/comments?post=4393"}],"version-history":[{"count":7,"href":"https:\/\/www.precura.be\/fr\/wp-json\/wp\/v2\/posts\/4393\/revisions"}],"predecessor-version":[{"id":4402,"href":"https:\/\/www.precura.be\/fr\/wp-json\/wp\/v2\/posts\/4393\/revisions\/4402"}],"wp:featuredmedia":[{"embeddable":true,"href":"https:\/\/www.precura.be\/fr\/wp-json\/wp\/v2\/media\/2815"}],"wp:attachment":[{"href":"https:\/\/www.precura.be\/fr\/wp-json\/wp\/v2\/media?parent=4393"}],"wp:term":[{"taxonomy":"category","embeddable":true,"href":"https:\/\/www.precura.be\/fr\/wp-json\/wp\/v2\/categories?post=4393"},{"taxonomy":"post_tag","embeddable":true,"href":"https:\/\/www.precura.be\/fr\/wp-json\/wp\/v2\/tags?post=4393"}],"curies":[{"name":"wp","href":"https:\/\/api.w.org\/{rel}","templated":true}]}}